{"id":4129,"date":"2011-09-04T23:51:35","date_gmt":"2011-09-04T21:51:35","guid":{"rendered":"http:\/\/www.co-ki.net\/?p=4129"},"modified":"2011-09-06T03:10:14","modified_gmt":"2011-09-06T01:10:14","slug":"auf-geht%e2%80%99s-nach-portugal-oder-boah-ist-mir-schlecht","status":"publish","type":"post","link":"https:\/\/www.co-ki.net\/?p=4129","title":{"rendered":"Auf geht\u2019s nach Portugal oder Boah ist mir schlecht"},"content":{"rendered":"<p>Endlich weht der Wind wieder aus Nord \u2013 kann man aber eigentlich doch nicht sagen\u2026. Ein leiser Zug weht aus Nord \u2013 ist auch noch \u00fcbertrieben\u2026. Wir haben den Wind nicht gegenan \u2013 ok \u2013 das passt. Ach ja &#8211; und von Nord kommt ne riesige D\u00fcnung (irgendwie scheint da oben schlechtes Wetter zu sein *duckundweg*). Das m\u00fcssen wir jedenfalls feststellen nachdem der Anker oben ist und wir im Vorbeifahren der Steffi von der Hitch n Geburtstagsst\u00e4ndchen gebracht haben und an den Felsen vor Baiona vorbei sind.<\/p>\n<p>Egal \u2013 das mit dem Wind wird schon noch\u2026 denken wir.<\/p>\n<p>Erstmal motoren wir zwei Stunden.<\/p>\n<p>Dann versuchen wir n bisschen zu segeln und \u00fcberqueren die Grenze zu den Portugaleesern.<\/p>\n<p style=\"text-align: center;\"><a href=\"http:\/\/www.youtube.com\/watch?v=JXosAfdXHwc\">httpv:\/\/www.youtube.com\/watch?v=JXosAfdXHwc<\/a><\/p>\n<p>Das spanische Internet verl\u00e4sst uns, und der Wind auch.<\/p>\n<p>Und m\u00fcssen die letzen zwei Stunden bis zum Hafen Viano do Castelo wieder den Kuddel starten.<\/p>\n<p>Bis auf die 3m hohe D\u00fcnung die uns kr\u00e4ftig von einer Backe auf die andere schaukelt, l\u00e4uft aber alles 1a. Sommer \u2013 Sonne \u2013 Sonnenschein.<\/p>\n<p><code>[google-maps width=550 height=200]<\/code><\/p>\n<p>Der Hafenoberst von Viano ist und gn\u00e4dig, weil wir so klein sind und klappt noch mal seine Br\u00fccke f\u00fcr uns um. Den letzten Platz am Schwimmsteg bekommen wir.<\/p>\n<p>Hitch-Hike-Heidi, Thor, Bumble Bee und Nubia sind auch hier.<\/p>\n<p>Steffi schmei\u00dft ne Party auf der Hafenmauer. Es gibt Annikas Pfannkuchentorte, Sekt und Bier usw. Supertoll.<\/p>\n<p>Der harte Kern macht noch einen Ausflug zur Bar. Dort gibt es Caipis und einen Monsterfernseher \u2013 wir nehmen nat\u00fcrlich den Tisch genau unter demselben. Die Portugiesen haben uns eine Stunde geschenkt \u2013 wir haben wieder UT. Das nutzen wir voll aus. Eine Stunden l\u00e4nger Steffis Geburtstag feiern \u2013 vielleicht m\u00f6chte sie aber auch viel lieber mit ihrem neuen E-book in der Koje liegen und B\u00fccher lesen \u2026 ? \ud83d\ude42<\/p>\n<p>Und &#8211; von wegen Portugiesisch ist genau wie Spanisch \u2013 Vollpfosten. Gar nix geht. Alle tollen Spr\u00fcche die sich der K\u00e4ptn m\u00fchsam zu Recht gesammelt hat funktionieren nicht mehr &#8211; und wenn die Worte gleich oder \u00e4hnlich geschrieben werden, werden sie nat\u00fcrlich v\u00f6llig anders ausgesprochen. Una cerveza mas, por farvor \u2013 ging gar nicht.<\/p>\nngg_shortcode_0_placeholder\n<p>&nbsp;<\/p>\n","protected":false},"excerpt":{"rendered":"<p>Endlich weht der Wind wieder aus Nord \u2013 kann man aber eigentlich doch nicht sagen\u2026. Ein leiser Zug weht aus Nord \u2013 ist auch noch \u00fcbertrieben\u2026. Wir haben den Wind nicht gegenan \u2013 ok \u2013 das passt. Ach ja &#8211; und von Nord kommt ne riesige D\u00fcnung (irgendwie scheint da oben schlechtes Wetter zu sein [&hellip;]<\/p>\n","protected":false},"author":2,"featured_media":0,"comment_status":"open","ping_status":"open","sticky":false,"template":"","format":"standard","meta":{"ngg_post_thumbnail":0,"jetpack_post_was_ever_published":false,"_jetpack_newsletter_access":"","_jetpack_dont_email_post_to_subs":false,"_jetpack_newsletter_tier_id":0,"_jetpack_memberships_contains_paywalled_content":false,"_jetpack_memberships_contains_paid_content":false,"footnotes":"","jetpack_publicize_message":"","jetpack_publicize_feature_enabled":true,"jetpack_social_post_already_shared":false,"jetpack_social_options":{"image_generator_settings":{"template":"highway","default_image_id":0,"font":"","enabled":false},"version":2}},"categories":[6,443],"tags":[511,540,557,558,559,556,52,1370,528,51,560],"class_list":["post-4129","post","type-post","status-publish","format-standard","hentry","category-logbuch","category-sabbatjahr","tag-atlantik","tag-baiona","tag-dunung","tag-eifel","tag-eifelturm","tag-portugal","tag-seekrank","tag-segeln","tag-spanien","tag-torn","tag-viana-do-castelo"],"jetpack_publicize_connections":[],"jetpack_featured_media_url":"","jetpack_sharing_enabled":true,"jetpack_shortlink":"https:\/\/wp.me\/p1OLN4-14B","post_mailing_queue_ids":[],"_links":{"self":[{"href":"https:\/\/www.co-ki.net\/index.php?rest_route=\/wp\/v2\/posts\/4129","targetHints":{"allow":["GET"]}}],"collection":[{"href":"https:\/\/www.co-ki.net\/index.php?rest_route=\/wp\/v2\/posts"}],"about":[{"href":"https:\/\/www.co-ki.net\/index.php?rest_route=\/wp\/v2\/types\/post"}],"author":[{"embeddable":true,"href":"https:\/\/www.co-ki.net\/index.php?rest_route=\/wp\/v2\/users\/2"}],"replies":[{"embeddable":true,"href":"https:\/\/www.co-ki.net\/index.php?rest_route=%2Fwp%2Fv2%2Fcomments&post=4129"}],"version-history":[{"count":0,"href":"https:\/\/www.co-ki.net\/index.php?rest_route=\/wp\/v2\/posts\/4129\/revisions"}],"wp:attachment":[{"href":"https:\/\/www.co-ki.net\/index.php?rest_route=%2Fwp%2Fv2%2Fmedia&parent=4129"}],"wp:term":[{"taxonomy":"category","embeddable":true,"href":"https:\/\/www.co-ki.net\/index.php?rest_route=%2Fwp%2Fv2%2Fcategories&post=4129"},{"taxonomy":"post_tag","embeddable":true,"href":"https:\/\/www.co-ki.net\/index.php?rest_route=%2Fwp%2Fv2%2Ftags&post=4129"}],"curies":[{"name":"wp","href":"https:\/\/api.w.org\/{rel}","templated":true}]}}