{"id":4154,"date":"2011-09-07T23:32:18","date_gmt":"2011-09-07T21:32:18","guid":{"rendered":"http:\/\/www.co-ki.net\/?p=4154"},"modified":"2011-09-08T12:48:18","modified_gmt":"2011-09-08T10:48:18","slug":"porto","status":"publish","type":"post","link":"https:\/\/www.co-ki.net\/?p=4154","title":{"rendered":"Porto"},"content":{"rendered":"<p>Wir wollen heute mit dem Bus nach Porto d\u00fcsen. Leider stehen wir uns wieder selbst im Weg \u2013 ausschlaftechnisch. Fr\u00fchst\u00fcck um 11h.<\/p>\n<p>Die Kpt\u2019s der H-H-H und der R\u00f6de Orm bewundern gegenseitig ihre Ankerwinschen auf den jeweiligen Vordecks. Gewicht, Zugkraft und Design werden verglichen. Quartett spielen f\u00fcr Kptn\u2019s \u2013 Gewicht: 12kg \u2013 23kg \u2013 Karte abgeben&#8230; Aber wer hat wohl die l\u00e4ngere Kette fragen sie sich \u2013 Wir sind uns bei der Hitch unsicher und ziehen daher die komplette Kette einmal \u00fcber den Steg. 75 Meter. Ganz sch\u00f6n lang.<\/p>\n<p>Der Kpt. der R\u00f6de Orm muss passen seine ist nur 40 Meter lang.<\/p>\n<p>Der Hafenmeister kommt vorbei und ist begeistert, dass wir noch nicht eingecheckt haben (fantastic) \u2013 ab ins B\u00fcro. Schon wieder so ein h\u00f6llischer Papierkram, genau wie in Viana do Castele. Muss denn das 2x sein? \u2013 Er zuckt nur die Schultern und sagt, wir d\u00fcrfen gerne Papier spenden.<\/p>\n<p>Um 16h sitzen wir im Bus nach Porto.<\/p>\n<p>In der Innenstadt steigen wir aus und beginnen mit dem Gassengetingel. Die H-H-H geht zu Fu\u00df. Die R\u00f6de Orm nimmt sone offene Stra\u00dfentourikkutschiereisenbahn, damit der K\u00e4ptn sich von dem anstrengenden Kettengeschleppe erholen kann.<\/p>\n<p>Und auch in Porto gibt es Br\u00fccken von dem Herrn Eiffel bzw. von einem seiner Sch\u00fcler. Der Franzose hat sich in Portugal echt.gut verkauft.<\/p>\n<p>Die Stadt hat was. Wir f\u00fchlen uns zwischen Prag und Florenz. Etwas \u00e4rmlich, sehr gem\u00fctlich und verwinkelt. Rote D\u00e4cher, l\u00f6chrig. Bunte Kacheln an den Hausw\u00e4nden. Kleine, enge Gassen, W\u00e4scheleinen vor den Fenstern, H\u00e4user bunt, dazwischen ein 1 meter breiter Weg, an steile Bergh\u00e4nge gebaut. Der Fluss ges\u00e4umt von Gondel\u00e4hnlichen Schiffen, die mit Highspeed \u00fcbers Wasser jagen, Touris geladen. Am Ufer Stra\u00dfenverk\u00e4ufer. Bunte Tischdecken, wie in Polen, Schmuck. Restaurants. Viele alte erhaltene Geb\u00e4ude, Kirchen, Monumente, umbaut. Auch Fensterlose H\u00e4user, nur Fassaden.<\/p>\n<p>Die Portotour endet in einem Restaurant mit Flussblick. Selten sind wir so satt geworden.<\/p>\n<p>Zur Belustigung der G\u00e4ste gibt es eine feuerschluckende M\u00f6we auf der Mauer, sie knabbert am Docht der brennenden Gartenfackel herum \u2013 Volker meint: vielleicht ist sie auch abh\u00e4ngig und braucht den Stoff.<\/p>\n<p style=\"text-align: center;\"><a href=\"http:\/\/www.youtube.com\/watch?v=ybz-_Cdlz_M\">httpv:\/\/www.youtube.com\/watch?v=ybz-_Cdlz_M<\/a><\/p>\n<p>Um unsern Bus zur\u00fcck zum Hafen zu finden wird es noch einmal spannend. Wir irren etwas verloren durch die Gassen und suchen unsere Bushaltestelle. Busfahrer zu fragen hat keinen Sinn, denn diese sprechen durchweg Null Englisch.<\/p>\n<p>Im Hafen ist Waschk\u00fcche und auf dem Meer Nebelgeh\u00f6rn. Mal gucken, ob wir morgen weiter kommen und ob sich der Schleier lichtet.<\/p>\n<p>Over und aus!<\/p>\nngg_shortcode_0_placeholder\n","protected":false},"excerpt":{"rendered":"<p>Wir wollen heute mit dem Bus nach Porto d\u00fcsen. Leider stehen wir uns wieder selbst im Weg \u2013 ausschlaftechnisch. Fr\u00fchst\u00fcck um 11h. Die Kpt\u2019s der H-H-H und der R\u00f6de Orm bewundern gegenseitig ihre Ankerwinschen auf den jeweiligen Vordecks. Gewicht, Zugkraft und Design werden verglichen. Quartett spielen f\u00fcr Kptn\u2019s \u2013 Gewicht: 12kg \u2013 23kg \u2013 Karte [&hellip;]<\/p>\n","protected":false},"author":2,"featured_media":0,"comment_status":"open","ping_status":"open","sticky":false,"template":"","format":"standard","meta":{"ngg_post_thumbnail":0,"jetpack_post_was_ever_published":false,"_jetpack_newsletter_access":"","_jetpack_dont_email_post_to_subs":false,"_jetpack_newsletter_tier_id":0,"_jetpack_memberships_contains_paywalled_content":false,"_jetpack_memberships_contains_paid_content":false,"footnotes":"","jetpack_publicize_message":"","jetpack_publicize_feature_enabled":true,"jetpack_social_post_already_shared":false,"jetpack_social_options":{"image_generator_settings":{"template":"highway","default_image_id":0,"font":"","enabled":false},"version":2}},"categories":[6,443],"tags":[483,562,556,447],"class_list":["post-4154","post","type-post","status-publish","format-standard","hentry","category-logbuch","category-sabbatjahr","tag-hafentag","tag-porto","tag-portugal","tag-sabbat"],"jetpack_publicize_connections":[],"jetpack_featured_media_url":"","jetpack_sharing_enabled":true,"jetpack_shortlink":"https:\/\/wp.me\/s1OLN4-porto","post_mailing_queue_ids":[],"_links":{"self":[{"href":"https:\/\/www.co-ki.net\/index.php?rest_route=\/wp\/v2\/posts\/4154","targetHints":{"allow":["GET"]}}],"collection":[{"href":"https:\/\/www.co-ki.net\/index.php?rest_route=\/wp\/v2\/posts"}],"about":[{"href":"https:\/\/www.co-ki.net\/index.php?rest_route=\/wp\/v2\/types\/post"}],"author":[{"embeddable":true,"href":"https:\/\/www.co-ki.net\/index.php?rest_route=\/wp\/v2\/users\/2"}],"replies":[{"embeddable":true,"href":"https:\/\/www.co-ki.net\/index.php?rest_route=%2Fwp%2Fv2%2Fcomments&post=4154"}],"version-history":[{"count":0,"href":"https:\/\/www.co-ki.net\/index.php?rest_route=\/wp\/v2\/posts\/4154\/revisions"}],"wp:attachment":[{"href":"https:\/\/www.co-ki.net\/index.php?rest_route=%2Fwp%2Fv2%2Fmedia&parent=4154"}],"wp:term":[{"taxonomy":"category","embeddable":true,"href":"https:\/\/www.co-ki.net\/index.php?rest_route=%2Fwp%2Fv2%2Fcategories&post=4154"},{"taxonomy":"post_tag","embeddable":true,"href":"https:\/\/www.co-ki.net\/index.php?rest_route=%2Fwp%2Fv2%2Ftags&post=4154"}],"curies":[{"name":"wp","href":"https:\/\/api.w.org\/{rel}","templated":true}]}}